{"id":1427,"date":"2018-01-08T12:41:39","date_gmt":"2018-01-08T11:41:39","guid":{"rendered":"http:\/\/peronamovilidad.com\/?p=1427"},"modified":"2018-01-08T12:44:18","modified_gmt":"2018-01-08T11:44:18","slug":"transporte-y-el-medio-ambiente","status":"publish","type":"post","link":"https:\/\/peronamovilidad.com\/ca\/2018\/01\/08\/transporte-y-el-medio-ambiente\/","title":{"rendered":"TRANSPORT I MEDI AMBIENT"},"content":{"rendered":"En els darrers mesos la contaminaci\u00f3 dels transports a les ciutats est\u00e0 adquirint protagonisme i, es parla molt de les restriccions de certs vehicles en base al combustible utilitzat i els seus nivells de contaminaci\u00f3. Les grans ciutats d\u2019Europa i d\u2019Espanya s\u00f3n exemples d\u2019aquesta contaminaci\u00f3 que cada vegada preocupa m\u00e9s, tant a nivell de CO2 com de part\u00edcules en suspensi\u00f3 i, altres productes que al final tenen transcend\u00e8ncia i import\u00e0ncia no nom\u00e9s en el canvi clim\u00e0tic, sin\u00f3 en la salut dels residents a les ciutats.<\/p>\n<p>Per\u00f2 ens hem preguntat, <strong>la meva manera de conduir pot contaminar m\u00e9s o menys? \u00c9s possible realitzar una conducci\u00f3 m\u00e9s ecol\u00f2gica?<\/strong> Les respostes s\u00f3n afirmatives.<\/p>\n<p>L\u2019estil de conducci\u00f3 t\u00e9 gran influ\u00e8ncia el els consums de combustible i incl\u00fas en altres aspectes de manteniment del nostre vehicle, com \u00e9s el desgast de pneum\u00e0tics. \u00c9s possible un canvi d\u2019actitud en la conducci\u00f3 si ho volem fer i si estem disposats a invertir en formaci\u00f3.<\/p>\n<p>Una conducci\u00f3 m\u00e9s pausada, amb marxes m\u00e9s llargues i mantenint l\u2019atenci\u00f3 en la via i el seu entorn, poden fer reduir el consum de combustible en quantitats importants. Si aquesta situaci\u00f3 la traslladem a les flotes de cotxes d\u2019empresa, els resultats obtinguts poden ser espectaculars.<\/p>\n<p>Fa uns mesos, el nostre expert en seguretat vi\u00e0ria laboral i col\u00b7laborador en els projectes d\u2019aquesta consultoria, Albert Aluma, escrivia en la News de AEGFA<a href=\"#_ftn1\" name=\"_ftnref1\">[1]<\/a>, <a href=\"http:\/\/aegfanews.com\/\">http:\/\/aegfanews.com\/<\/a> , que canviar l\u2019estil de conduir pot representar <strong>una rebaixa del 50% dels costos de la flota<\/strong> i a m\u00e9s a m\u00e9s, citava dades d\u2019una empresa p\u00fablica anglesa que, transcorreguts dos anys des de que va iniciar la conducci\u00f3 m\u00e9s segura i eficient, ha obtingut una reducci\u00f3 del 77% de les col\u00b7lisions i la gravetat s\u2019ha redu\u00eft en un 27%, igual que les costes en carburant es redueixen.<\/p>\n<p>En el fons es tracta de realitzar un bon an\u00e0lisi de la situaci\u00f3, realitzar un previ control i seguiment i fixar els objectius de la formaci\u00f3. En aquest an\u00e0lisi, entre altres aspectes, s\u2019han de valorar els actuals nivells d\u2019emissions i analitzar els consums reals i els quil\u00f2metres realitzats. Aquest treball previ abans d\u2019impartir la formaci\u00f3, \u00e9s b\u00e0sic per a poder realitzar una bona diagnosi i proposta de millora.<\/p>\n<p>\u00c9s important que el formador sigui una persona preada per a saber comunicar i que en aquest tr\u00e0mit ensenyi i transmeti coneixements, informaci\u00f3 i sobretot, una formaci\u00f3 que provoqui un canvi d\u2019actitud, amb una major acceptaci\u00f3 del risc, ja que ning\u00fa acostuma a recon\u00e8ixer que no condueix b\u00e9 i que ho podria fer millor.<\/p>\n<p>La conducci\u00f3 que es realitza de forma m\u00e9s respectuosa amb el medi ambient \u00e9s tamb\u00e9 una conducci\u00f3 que s\u2019est\u00e0 demostrant que \u00e9s m\u00e9s segura, i amb aix\u00f2 es redueixen els accidents. Tot hi que com indicava en <em><strong>Tom Vanderbilt a la seva obra \u201cTR\u00c0NSIT\u201d<\/strong><\/em> l\u2019any 2009: <em>\u201cla paraula accidents sembla oferir aixopluc i protecci\u00f3 als pitjors i m\u00e9s negligents comportaments al volant\u201d. <\/em><\/p>\n<p>Per tant, \u00e9s possible realitzar plans de formaci\u00f3 que millorin la nostra efic\u00e0cia ambiental, redueixin el nostre consum i contribueixin de manera decidida\u00a0 a un menor nombre d\u2019accidents de tr\u00e0nsit i els seus costos associats.<\/p>\n<p><a href=\"#_ftnref1\" name=\"_ftn1\">[1]<\/a> AEGFA: Asociaci\u00f3n espa\u00f1ola de gestores de flotas de autom\u00f3viles https:\/\/aegfa.com\/","protected":false},"excerpt":{"rendered":"<p>En els darrers mesos la contaminaci\u00f3 dels transports a les ciutats est\u00e0 adquirint protagonisme i, es parla molt de les restriccions de certs vehicles&#8230;<\/p>\n","protected":false},"author":1,"featured_media":1418,"comment_status":"closed","ping_status":"closed","sticky":false,"template":"","format":"standard","meta":{"footnotes":""},"categories":[4],"tags":[],"class_list":["post-1427","post","type-post","status-publish","format-standard","has-post-thumbnail","hentry","category-comentarios_movilidad"],"_links":{"self":[{"href":"https:\/\/peronamovilidad.com\/ca\/wp-json\/wp\/v2\/posts\/1427","targetHints":{"allow":["GET"]}}],"collection":[{"href":"https:\/\/peronamovilidad.com\/ca\/wp-json\/wp\/v2\/posts"}],"about":[{"href":"https:\/\/peronamovilidad.com\/ca\/wp-json\/wp\/v2\/types\/post"}],"author":[{"embeddable":true,"href":"https:\/\/peronamovilidad.com\/ca\/wp-json\/wp\/v2\/users\/1"}],"replies":[{"embeddable":true,"href":"https:\/\/peronamovilidad.com\/ca\/wp-json\/wp\/v2\/comments?post=1427"}],"version-history":[{"count":3,"href":"https:\/\/peronamovilidad.com\/ca\/wp-json\/wp\/v2\/posts\/1427\/revisions"}],"predecessor-version":[{"id":1430,"href":"https:\/\/peronamovilidad.com\/ca\/wp-json\/wp\/v2\/posts\/1427\/revisions\/1430"}],"wp:featuredmedia":[{"embeddable":true,"href":"https:\/\/peronamovilidad.com\/ca\/wp-json\/wp\/v2\/media\/1418"}],"wp:attachment":[{"href":"https:\/\/peronamovilidad.com\/ca\/wp-json\/wp\/v2\/media?parent=1427"}],"wp:term":[{"taxonomy":"category","embeddable":true,"href":"https:\/\/peronamovilidad.com\/ca\/wp-json\/wp\/v2\/categories?post=1427"},{"taxonomy":"post_tag","embeddable":true,"href":"https:\/\/peronamovilidad.com\/ca\/wp-json\/wp\/v2\/tags?post=1427"}],"curies":[{"name":"wp","href":"https:\/\/api.w.org\/{rel}","templated":true}]}}