{"id":1527,"date":"2018-08-20T10:15:36","date_gmt":"2018-08-20T08:15:36","guid":{"rendered":"http:\/\/peronamovilidad.com\/?p=1527"},"modified":"2018-08-20T10:18:37","modified_gmt":"2018-08-20T08:18:37","slug":"cuando-el-accidente-de-trafico-es-un-atentado-contra-la-sociedad","status":"publish","type":"post","link":"https:\/\/peronamovilidad.com\/ca\/2018\/08\/20\/cuando-el-accidente-de-trafico-es-un-atentado-contra-la-sociedad\/","title":{"rendered":"QUAN L&#8217;ACCIDENT DE TR\u00c0NSIT \u00c9S UN ATEMPTAT A LA SOCIETAT"},"content":{"rendered":"<em><span style=\"color: #3366ff;\">Article d&#8217;opini\u00f3 publicat EL PERIODICO 20\/08\/2018<\/span><\/em><\/p>\n<p>Quan parlem d\u2019accidents de tr\u00e0nsit, sempre es fa refer\u00e8ncia al concepte de\u00a0<a href=\"https:\/\/www.elperiodico.com\/es\/trafico-y-transportes\/20180819\/trafico-extremara-control-carreteras-convencionales-6992935\">seguretat vi\u00e0ria<\/a>; fa uns quants anys\u00a0Pere Navarro, actual Director General de Tr\u00e0nsit, manifestava: <em>&#8220;La seguretat vi\u00e0ria \u00e9s una equaci\u00f3 d\u2019informaci\u00f3 i conscienciaci\u00f3, m\u00e9s vigil\u00e0ncia i control&#8221;.<\/em><\/p>\n<p>Crec des de fa anys en aquesta equaci\u00f3 i on s\u2019aplica amb criteri i convenciment els accidents es redueixen, per\u00f2 lamento profundament que en els \u00faltims sis anys els responsables pol\u00edtics del nostre pa\u00eds s\u2019hagin oblidat de gestionar i aplicar totes les dades de l\u2019equaci\u00f3 abans indicada.<\/p>\n<p>El meu lament no \u00e9s per una q\u00fcesti\u00f3 de personalisme, sin\u00f3 per les m\u00e9s d\u201911.000 v\u00edctimes d\u2019accidents de tr\u00e0nsit que s\u2019han produ\u00eft en els \u00faltims set anys. Quan els responsables pol\u00edtics no assumeixen la seguretat vi\u00e0ria com un\u00a0risc permanent\u00a0com a conseq\u00fc\u00e8ncia d\u2019una mobilitat quotidiana s\u2019estan posant al nivell de responsabilitat de la minoria que provoca els accidents de tr\u00e0nsit.<\/p>\n<p>Existeix un\u00a0grup de risc\u00a0en la societat que provoca\u00a0accidents de tr\u00e0nsit no fortu\u00efts\u00a0i \u00e9s per haver consumit drogues, estar sota els efectes de l\u2019alcohol, no prestar l\u2019atenci\u00f3 deguda a la conducci\u00f3 o no circular a la velocitat adequada i \u00e9s llavors quan estan convertint un accident en un atemptat contra la societat. I \u00e9s per aix\u00f2 que s\u2019ha de plantejar una nova responsabilitat individual davant dels accidents de tr\u00e0nsit; la indemnitzaci\u00f3 econ\u00f2mica no \u00e9s la soluci\u00f3 final despr\u00e9s d\u2019un accident, perqu\u00e8 amagar la culpa no es pot resoldre nom\u00e9s amb diners.<\/p>\n<p>Les administracions i els seus responsables tamb\u00e9 poden caure en aquest atemptat a la societat per falta d\u2019actuaci\u00f3 contra els riscos viaris; no es pot oblidar que estem davant d\u2019una\u00a0falta d\u2019inversi\u00f3\u00a0en carreteres convencionals: mentre que l\u2019any 2008 s\u2019hi va invertir el 5% del PIB, el 2016 nom\u00e9s s\u2019hi va destinar l\u20191,9%, carreteres que s\u00f3n el lloc on es produeixen la majoria de v\u00edctimes dels accidents, perqu\u00e8 les sortides de via i els xocs frontals s\u00f3n la principal caracter\u00edstica d\u2019aquests accidents.<\/p>\n<p>Existeixen estudis que ens indiquen que amb m\u00e9s inversi\u00f3 en manteniment i millora de les carreteres convencionals es poden reduir accidents. Per\u00f2 la seguretat vi\u00e0ria no \u00e9s nom\u00e9s inversi\u00f3 en carreteres, hi ha m\u00e9s solucions en el m\u00f3n de la prevenci\u00f3 de riscos viaris, com ara la\u00a0millora de senyalitzaci\u00f3, l\u2019aplicaci\u00f3 de noves tecnologies, la pres\u00e8ncia policial en punts conflictius, implantar carreteres de 2 +1 per evitar accidents frontals, i la llista podria seguir.<\/p>\n<p>Finalment, no podem oblidar l\u2019equaci\u00f3, el concepte de\u00a0conscienciaci\u00f3, que la societat torni a recuperar la consci\u00e8ncia sobre els riscos viaris i les seves conseq\u00fc\u00e8ncies. Necessitem aquesta responsabilitat col\u00b7lectiva i l\u2019acci\u00f3 pol\u00edtica que cregui i realitzi una gesti\u00f3 sobre els riscos viaris des de les administracions, per evitar que els accidents de tr\u00e0nsit siguin un atemptat contra la societat. Com deia el soci\u00f2leg de la seguretat Ulrich Beck; &#8220;risc \u00e9s anticipaci\u00f3 a la cat\u00e0strofe&#8221;","protected":false},"excerpt":{"rendered":"<p>Article d&#8217;opini\u00f3 publicat EL PERIODICO 20\/08\/2018 Quan parlem d\u2019accidents de tr\u00e0nsit, sempre es fa refer\u00e8ncia al concepte de\u00a0seguretat vi\u00e0ria; fa uns quants anys\u00a0Pere Navarro,&#8230;<\/p>\n","protected":false},"author":1,"featured_media":1414,"comment_status":"closed","ping_status":"closed","sticky":false,"template":"","format":"standard","meta":{"footnotes":""},"categories":[36],"tags":[],"class_list":["post-1527","post","type-post","status-publish","format-standard","has-post-thumbnail","hentry","category-comunicacion-conferencias"],"_links":{"self":[{"href":"https:\/\/peronamovilidad.com\/ca\/wp-json\/wp\/v2\/posts\/1527","targetHints":{"allow":["GET"]}}],"collection":[{"href":"https:\/\/peronamovilidad.com\/ca\/wp-json\/wp\/v2\/posts"}],"about":[{"href":"https:\/\/peronamovilidad.com\/ca\/wp-json\/wp\/v2\/types\/post"}],"author":[{"embeddable":true,"href":"https:\/\/peronamovilidad.com\/ca\/wp-json\/wp\/v2\/users\/1"}],"replies":[{"embeddable":true,"href":"https:\/\/peronamovilidad.com\/ca\/wp-json\/wp\/v2\/comments?post=1527"}],"version-history":[{"count":3,"href":"https:\/\/peronamovilidad.com\/ca\/wp-json\/wp\/v2\/posts\/1527\/revisions"}],"predecessor-version":[{"id":1531,"href":"https:\/\/peronamovilidad.com\/ca\/wp-json\/wp\/v2\/posts\/1527\/revisions\/1531"}],"wp:featuredmedia":[{"embeddable":true,"href":"https:\/\/peronamovilidad.com\/ca\/wp-json\/wp\/v2\/media\/1414"}],"wp:attachment":[{"href":"https:\/\/peronamovilidad.com\/ca\/wp-json\/wp\/v2\/media?parent=1527"}],"wp:term":[{"taxonomy":"category","embeddable":true,"href":"https:\/\/peronamovilidad.com\/ca\/wp-json\/wp\/v2\/categories?post=1527"},{"taxonomy":"post_tag","embeddable":true,"href":"https:\/\/peronamovilidad.com\/ca\/wp-json\/wp\/v2\/tags?post=1527"}],"curies":[{"name":"wp","href":"https:\/\/api.w.org\/{rel}","templated":true}]}}