{"id":1578,"date":"2019-05-13T16:57:59","date_gmt":"2019-05-13T14:57:59","guid":{"rendered":"http:\/\/peronamovilidad.com\/?p=1578"},"modified":"2019-05-13T17:00:17","modified_gmt":"2019-05-13T15:00:17","slug":"escuchar-la-ciudad","status":"publish","type":"post","link":"https:\/\/peronamovilidad.com\/ca\/2019\/05\/13\/escuchar-la-ciudad\/","title":{"rendered":"ESCOLTAR LA CIUTAT"},"content":{"rendered":"La ciutat \u00e9s un espai de relaci\u00f3 per a les persones, on el contacte, la conviv\u00e8ncia i la comunicaci\u00f3 s\u00f3n l&#8217;ess\u00e8ncia de la vida col\u00b7lectiva. L&#8217;evoluci\u00f3 dels modes de transport ha condicionat l&#8217;estructura de les mateixes en el transcurs de la hist\u00f2ria.<\/p>\n<p>Durant les \u00faltimes d\u00e8cades l&#8217;autom\u00f2bil ha perm\u00e8s una estructura m\u00e9s dispersa dels nuclis urbans, per\u00f2 aquest model est\u00e0 en crisi com a mode de mobilitat en ser una manera contaminant i amb gran ocupaci\u00f3 de l&#8217;espai p\u00fablic.<\/p>\n<p>En els \u00faltims anys moltes han estat les veus que q\u00fcestionen aquesta mobilitat cl\u00e0ssica basada nom\u00e9s en l&#8217;autom\u00f2bil i que destaquen el paper de les ciutats com un element de concentraci\u00f3 de recursos, coneixements i serveis. En els propers anys ens enfrontem a uns anys de transici\u00f3 a les noves maneres de mobilitat a les ciutats.<\/p>\n<p>Podem observar noves realitats com els vehicles de mobilitat personal (VMP), la incorporaci\u00f3 dels vehicles el\u00e8ctrics, els nous models de distribuci\u00f3 de mercaderies, per tant, els gestors municipals han de regular i controlar el seu \u00fas i han de anticipar-se als riscos per evitar la cat\u00e0strofe dels accidents.<\/p>\n<p>Per\u00f2 la falta d&#8217;actuaci\u00f3 contra els usos incorrectes, com succeeix amb els VMP, on s&#8217;est\u00e0 tolerant en molts municipis el seu \u00fas per les voreres i amb els riscos que comporta per a la resta de vianants. La manca de vigil\u00e0ncia \u00e9s l&#8217;avantsala de conflictes en la conviv\u00e8ncia entre ciutadans per un mal \u00fas de certs elements de mobilitat i que poden tenir aspectes positius, sense oblidar que aquests elements han arribat per quedar-se.<\/p>\n<p>Despr\u00e9s de les eleccions municipals els pol\u00edtics i gestors municipals hauran d&#8217;afrontar amb urg\u00e8ncia aspectes de millora de la qualitat de vida de les ciutats i aix\u00f2 comporta tenir clar que s&#8217;ha d&#8217;entendre la mobilitat sostenible i despr\u00e9s com vigilar i controlar les conductes incorrectes.<\/p>\n<p>Aqu\u00ed jugar\u00e0 un paper important la policia local, que ha d&#8217;estar preparada amb voluntat de servei i coneixements perqu\u00e8 la conviv\u00e8ncia de la ciutat, que es veur\u00e0 afectada per aquests nous modes de mobilitat, sigui adequada i ser\u00e0 necessari un control i sanci\u00f3 dels inc\u00edvics i els capritxosos individualistes que consideren que els carrers s\u00f3n seus i que la conviv\u00e8ncia \u00e9s nom\u00e9s la seva voluntat.<\/p>\n<p>La planificaci\u00f3 del model de ciutat, la reducci\u00f3 de velocitats urbanes, m\u00e9s zones de vianants, potenciar la mobilitat no contaminant s\u00f3n tasques que s&#8217;han d&#8217;afrontar pels gestors municipals i a m\u00e9s han de tenir present que l&#8217;accessibilitat de les persones en l&#8217;\u00e0mbit urb\u00e0 \u00e9s el proper repte, si saben controlar els accidents i els problemes ambientals. El que no es vegi capa\u00e7 de gestionar aquests problemes que es quedi a casa.","protected":false},"excerpt":{"rendered":"<p>La ciutat \u00e9s un espai de relaci\u00f3 per a les persones, on el contacte, la conviv\u00e8ncia i la comunicaci\u00f3 s\u00f3n l&#8217;ess\u00e8ncia de la vida&#8230;<\/p>\n","protected":false},"author":1,"featured_media":1181,"comment_status":"closed","ping_status":"closed","sticky":false,"template":"","format":"standard","meta":{"footnotes":""},"categories":[4],"tags":[],"class_list":["post-1578","post","type-post","status-publish","format-standard","has-post-thumbnail","hentry","category-comentarios_movilidad"],"_links":{"self":[{"href":"https:\/\/peronamovilidad.com\/ca\/wp-json\/wp\/v2\/posts\/1578","targetHints":{"allow":["GET"]}}],"collection":[{"href":"https:\/\/peronamovilidad.com\/ca\/wp-json\/wp\/v2\/posts"}],"about":[{"href":"https:\/\/peronamovilidad.com\/ca\/wp-json\/wp\/v2\/types\/post"}],"author":[{"embeddable":true,"href":"https:\/\/peronamovilidad.com\/ca\/wp-json\/wp\/v2\/users\/1"}],"replies":[{"embeddable":true,"href":"https:\/\/peronamovilidad.com\/ca\/wp-json\/wp\/v2\/comments?post=1578"}],"version-history":[{"count":2,"href":"https:\/\/peronamovilidad.com\/ca\/wp-json\/wp\/v2\/posts\/1578\/revisions"}],"predecessor-version":[{"id":1580,"href":"https:\/\/peronamovilidad.com\/ca\/wp-json\/wp\/v2\/posts\/1578\/revisions\/1580"}],"wp:featuredmedia":[{"embeddable":true,"href":"https:\/\/peronamovilidad.com\/ca\/wp-json\/wp\/v2\/media\/1181"}],"wp:attachment":[{"href":"https:\/\/peronamovilidad.com\/ca\/wp-json\/wp\/v2\/media?parent=1578"}],"wp:term":[{"taxonomy":"category","embeddable":true,"href":"https:\/\/peronamovilidad.com\/ca\/wp-json\/wp\/v2\/categories?post=1578"},{"taxonomy":"post_tag","embeddable":true,"href":"https:\/\/peronamovilidad.com\/ca\/wp-json\/wp\/v2\/tags?post=1578"}],"curies":[{"name":"wp","href":"https:\/\/api.w.org\/{rel}","templated":true}]}}