{"id":1619,"date":"2019-09-25T16:52:32","date_gmt":"2019-09-25T14:52:32","guid":{"rendered":"http:\/\/peronamovilidad.com\/?p=1619"},"modified":"2019-09-25T16:56:59","modified_gmt":"2019-09-25T14:56:59","slug":"catala-conducir-sin-permiso-es-un-delito-contra-la-seguridad-vial","status":"publish","type":"post","link":"https:\/\/peronamovilidad.com\/ca\/2019\/09\/25\/catala-conducir-sin-permiso-es-un-delito-contra-la-seguridad-vial\/","title":{"rendered":"CONDUIR SENSE PERM\u00cdS \u00c9S UN DELICTE CONTRA LA SEGURETAT VI\u00c0RIA"},"content":{"rendered":"&nbsp;<\/p>\n<p>La conducci\u00f3 sense perm\u00eds o amb p\u00e8rdua de vig\u00e8ncia del mateix \u00e9s per si mateix un delicte contra la seguretat vi\u00e0ria i que pot ser castigat amb pena de pres\u00f3 de tres a sis mesos. Aquest per desgr\u00e0cia \u00e9s un delicte que es comet amb for\u00e7a freq\u00fc\u00e8ncia i aix\u00ed ho indiquen les 36.649 dilig\u00e8ncies pr\u00e8vies i urgents incoats per la Fiscalia general per delictes de conducci\u00f3 sense perm\u00eds dels 110.654 procediments incoats a Espanya en 2018, per delictes contra la seguretat vi\u00e0ria.<\/p>\n<p>El passat mes de juliol ens ha deixat dues sent\u00e8ncies del Tribunal Suprem, sobre la interpretaci\u00f3 de l&#8217;article del Codi Penal que indica <strong>que conduir un vehicle de motor o ciclomotor amb el perm\u00eds de conduir sense vig\u00e8ncia \u00e9s un delicte contra la seguretat vi\u00e0ria,<\/strong> ja sigui per qualsevol dels tres motius que preveu la llei com s\u00f3n; perduda dels punts assignats, el perm\u00eds hagi estat retirat per decisi\u00f3 judicial o conduir sense haver obtingut mai un perm\u00eds o llic\u00e8ncia.<\/p>\n<p>Les dues sent\u00e8ncies de 16 i 23 de Juliol s\u00f3n fonamentals per tenir clara la interpretaci\u00f3 que s&#8217;ha de donar a aquest article en dos aspectes molt importants i que t\u00e9 la seva implicaci\u00f3 en la pr\u00e0ctica di\u00e0ria. D&#8217;una banda la primera sent\u00e8ncia deixa clar que la conducci\u00f3 d&#8217;un vehicle sense la corresponent autoritzaci\u00f3 o tenir-la suspesa \u00e9s un delicte, es tracta dels denominats \u00a0<strong>\u201cdelicte de perill abstracte\u201d<\/strong>, ja que es protegeix el b\u00e9 jur\u00eddic de la seguretat vi\u00e0ria, en conduir un vehicle de motor per qui no ha demostrat les capacitats necess\u00e0ries, en el cas de no haver obtingut mai una autoritzaci\u00f3 o per haver perdut aquestes capacitats en haver reiterat les faltes administratives greus o molt greus que li impossibiliten per a la conducci\u00f3.<\/p>\n<p>L&#8217;altra q\u00fcesti\u00f3 plantejada en la segona sent\u00e8ncia \u00e9s que els permisos atorgats per tercers pa\u00efsos, queden sotmesos a Espanya al sistema sancionador i de punts que marca el nostre ordenament jur\u00eddic.<\/p>\n<p>El fet jutjat d&#8217;aquesta sent\u00e8ncia del 23 de juliol, \u00e9s important destacar-ho, ja que en la pr\u00e0ctica es pot donar en persones que reuneixin les mateixes caracter\u00edstiques. Els fets s\u00f3n; es jutja un conductor espanyol, que obt\u00e9 el seu perm\u00eds de conduir a Espanya, amb posterioritat aquesta persona fixa la seva resid\u00e8ncia a Andorra i obt\u00e9 el bescanvi pel carnet andorr\u00e0, amb posterioritat la Direcci\u00f3 General de Tr\u00e0nsit va acordar la p\u00e8rdua de vig\u00e8ncia del perm\u00eds per la p\u00e8rdua de punts assignats com a conseq\u00fc\u00e8ncia de diverses infraccions administratives ocorregudes amb posterioritat al canvi del seu perm\u00eds, se li notifica personalment, al conductor, la p\u00e8rdua de vig\u00e8ncia del perm\u00eds de conduir i malgrat aix\u00f2 va ser sorpr\u00e8s conduint a una localitat de la prov\u00edncia de Barcelona .<\/p>\n<p>La condemna del jutjat penal, ratificada per l&#8217;Audi\u00e8ncia de Barcelona i recorreguda en cassaci\u00f3 davant del Tribunal Suprem que va desestimar el recurs de cassaci\u00f3, mant\u00e9 que el conductor comet un delicte per conduir havent perdut la vig\u00e8ncia del seu perm\u00eds de conduir per p\u00e8rdua total dels punts assignats, encara que tingui un perm\u00eds d&#8217;un tercer pa\u00eds.<\/p>\n<p>El Tribunal Suprem indica que els permisos canviats per un altre a l&#8217;estranger segueixen sotmesos a la normativa d&#8217;Espanya, quan es condueix per territori nacional i aix\u00ed <em>&#8220;s\u00f3n conductors sotmesos a Espanya al sistema de punts fixat pel nostre ordenament jur\u00eddic i, per aix\u00f2, quan cometin en el territori nacional infraccions que determinin p\u00e8rdua de punts i hagin ingressat en el registre de conductors i infractors, no s\u00f3n aliens al sistema de retirada del perm\u00eds &#8220;.<\/em><\/p>\n<p>Tamb\u00e9 afegeix el tribunal que: <em>&#8220;Pretendre que els permisos atorgats per tercers pa\u00efsos i inicialment v\u00e0lids, conservin una immutable validesa a Espanya mentre no sobrevingui la caducitat que el pa\u00eds d&#8217;emissi\u00f3 hagi volgut atorgar-li, gaudint a m\u00e9s d&#8217;una semi-immunitat enfront del r\u00e8gim viari i de conducci\u00f3 vigent a Espanya, \u00e9s una conclusi\u00f3 jur\u00eddica mancada de tot fonament. Tot conductor a Espanya queda sotm\u00e8s al sistema de p\u00e8rdua de punts respecte de les infraccions perpetrades o que es perpetrin al nostre pa\u00eds\u201d. <\/em><\/p>\n<p><strong>Per tant, tot conductor espanyol amb un perm\u00eds canviat per una altra autoritzaci\u00f3 d&#8217;un pa\u00eds tercer no queda exempt del control de les infraccions i la p\u00e8rdua de punts a casa nostra.<\/strong><\/p>\n<p>&nbsp;","protected":false},"excerpt":{"rendered":"<p>&nbsp; La conducci\u00f3 sense perm\u00eds o amb p\u00e8rdua de vig\u00e8ncia del mateix \u00e9s per si mateix un delicte contra la seguretat vi\u00e0ria i que&#8230;<\/p>\n","protected":false},"author":1,"featured_media":1618,"comment_status":"closed","ping_status":"closed","sticky":false,"template":"","format":"standard","meta":{"footnotes":""},"categories":[2],"tags":[],"class_list":["post-1619","post","type-post","status-publish","format-standard","has-post-thumbnail","hentry","category-categoria_1"],"_links":{"self":[{"href":"https:\/\/peronamovilidad.com\/ca\/wp-json\/wp\/v2\/posts\/1619","targetHints":{"allow":["GET"]}}],"collection":[{"href":"https:\/\/peronamovilidad.com\/ca\/wp-json\/wp\/v2\/posts"}],"about":[{"href":"https:\/\/peronamovilidad.com\/ca\/wp-json\/wp\/v2\/types\/post"}],"author":[{"embeddable":true,"href":"https:\/\/peronamovilidad.com\/ca\/wp-json\/wp\/v2\/users\/1"}],"replies":[{"embeddable":true,"href":"https:\/\/peronamovilidad.com\/ca\/wp-json\/wp\/v2\/comments?post=1619"}],"version-history":[{"count":3,"href":"https:\/\/peronamovilidad.com\/ca\/wp-json\/wp\/v2\/posts\/1619\/revisions"}],"predecessor-version":[{"id":1622,"href":"https:\/\/peronamovilidad.com\/ca\/wp-json\/wp\/v2\/posts\/1619\/revisions\/1622"}],"wp:featuredmedia":[{"embeddable":true,"href":"https:\/\/peronamovilidad.com\/ca\/wp-json\/wp\/v2\/media\/1618"}],"wp:attachment":[{"href":"https:\/\/peronamovilidad.com\/ca\/wp-json\/wp\/v2\/media?parent=1619"}],"wp:term":[{"taxonomy":"category","embeddable":true,"href":"https:\/\/peronamovilidad.com\/ca\/wp-json\/wp\/v2\/categories?post=1619"},{"taxonomy":"post_tag","embeddable":true,"href":"https:\/\/peronamovilidad.com\/ca\/wp-json\/wp\/v2\/tags?post=1619"}],"curies":[{"name":"wp","href":"https:\/\/api.w.org\/{rel}","templated":true}]}}