{"id":1701,"date":"2020-04-13T11:39:48","date_gmt":"2020-04-13T09:39:48","guid":{"rendered":"http:\/\/peronamovilidad.com\/?p=1701"},"modified":"2020-04-13T11:40:39","modified_gmt":"2020-04-13T09:40:39","slug":"estado-de-alarma-y-uso-de-drones-por-policias-locales","status":"publish","type":"post","link":"https:\/\/peronamovilidad.com\/ca\/2020\/04\/13\/estado-de-alarma-y-uso-de-drones-por-policias-locales\/","title":{"rendered":"ESTAT D&#8217;ALARMA I \u00daS DE DRONS PER POLICIES LOCALS"},"content":{"rendered":"L&#8217;any 2018 en les p\u00e0gines del meu blog <a href=\"http:\/\/peronamovilidad.com\/2018\/03\/08\/los-drones-nuevo-elemento-de-movilidad\/%20\">http:\/\/peronamovilidad.com\/2018\/03\/08\/los-drones-nuevo-elemento-de-movilidad\/<\/a> ja indicava la import\u00e0ncia dels Drons en el futur de la mobilitat com un element que s&#8217;anir\u00e0 utilitzant en la nostra activitat quotidiana.<\/p>\n<p>En aquests moments de confinament i d&#8217;estat d&#8217;alarma, (Reial Decret 463\/2020) hem vist o rebut informaci\u00f3 de que certes policies locals estan utilitzant o diuen que utilitzaran els Drons com a sistema de vigil\u00e0ncia i av\u00eds per acomplir el confinament. Utilitzaci\u00f3 molt positiva i que permet un major control amb menys exposici\u00f3 als riscos de contagi.<\/p>\n<p>Amb aquest control s&#8217;ha de complir una s\u00e8rie de requisits que tamb\u00e9 afecten les policies locals, per garantir la seguretat jur\u00eddica i el compliment de la normativa de Reial Decret 1036\/2017, de 15 de desembre, pel qual es regula la utilitzaci\u00f3 civil de les aeronaus pilotades per control remot (BOE 2017.12.29), que ja en el seu article 44 t\u00e9 previst l&#8217;\u00fas en situacions de greu risc, cat\u00e0strofe o calamitat p\u00fablica.<\/p>\n<p>Per\u00f2 aquest \u00fas en situaci\u00f3 de for\u00e7a major com \u00e9s la situaci\u00f3 provocada pel Coronavirus, no eximeix de l&#8217;acompliment de certes normes d&#8217;actuaci\u00f3 que tamb\u00e9 competeixen a les policies locals com s\u00f3n:<\/p>\n<ul>\n<li>Qui pilota un dron, en aquestes situacions de control especials, ha de ser un policia amb t\u00edtol de pilot certificat i em\u00e8s per AESA.<\/li>\n<li>L&#8217;ajuntament o policia local ha d&#8217;estar certificat i autoritzat per AESA (Ag\u00e8ncia Estatal de Seguretat A\u00e8ria) com a operador d&#8217;aeronaus.<\/li>\n<li>El Dron, com aparell de vol, ha d&#8217;estar donat d&#8217;alta en AESA i pert\u00e0nyer a la policia local.<\/li>\n<li>Abans de volar, l&#8217;aparell ha de tenir una asseguran\u00e7a de responsabilitat civil que cobreixi qualsevol dany que es pugui produir a tercers (P. ex caiguda del dron)<\/li>\n<li>I finalment una autoritzaci\u00f3 de la comissi\u00f3 de videovigil\u00e0ncia per poder utilitzar c\u00e0meres de v\u00eddeo i la seva filmaci\u00f3.<\/li>\n<\/ul>\n<p>Si alguna empresa privada treballa per a l&#8217;administraci\u00f3 local per realitzar aquests vols de control, deu igualment complir aquests requisits i ha d&#8217;estar coordinat amb Aeroports Espanyols i Navegaci\u00f3 A\u00e8ria. \u00c9s important que per a exigir el compliment de les normes excepcionals d&#8217;aquests dies tamb\u00e9 es compleixi per part de les administracions les obligacions legals i les garanties que han d&#8217;oferir en l&#8217;\u00fas d&#8217;aquestes aeronaus no tripulades.<\/p>\n<p>L&#8217;estat d&#8217;alarma \u00e9s un instrument jur\u00eddic destinat a la lluita contra els riscos catastr\u00f2fics amb un origen natural o provocat per l&#8217;acci\u00f3 humana que no van lligats a alteracions de l&#8217;ordre p\u00fablic. Per tant, no val tot en aquests moments i s&#8217;han de complir els requisits en l&#8217;\u00fas d&#8217;aquestes aeronaus i que pr\u00f2ximament demostressin que s\u00f3n un repte en l&#8217;\u00fas de l&#8217;espai aeri municipal.<\/p>\n<p>No oblidem que per a fer un \u00fas correcte d&#8217;aquestes aeronaus \u00e9s necessari la formaci\u00f3, el coneixement de la seva gesti\u00f3 i recomano accedir a la p\u00e0gina web de: <a href=\"https:\/\/112dron.com\/es\/\">https:\/\/112dron.com\/es\/<\/a>, per a tenir i sol\u00b7licitar m\u00e9s informaci\u00f3.<\/p>\n<p>Com ja indicava en anteriors articles, els Drons han arribat a la nostra activitat quotidiana i ampliant-se el seu \u00fas, per\u00f2 complint les normes de seguretat jur\u00eddica i prevenci\u00f3 de riscos.","protected":false},"excerpt":{"rendered":"<p>L&#8217;any 2018 en les p\u00e0gines del meu blog http:\/\/peronamovilidad.com\/2018\/03\/08\/los-drones-nuevo-elemento-de-movilidad\/ ja indicava la import\u00e0ncia dels Drons en el futur de la mobilitat com un element&#8230;<\/p>\n","protected":false},"author":1,"featured_media":1700,"comment_status":"closed","ping_status":"closed","sticky":false,"template":"","format":"standard","meta":{"footnotes":""},"categories":[4],"tags":[],"class_list":["post-1701","post","type-post","status-publish","format-standard","has-post-thumbnail","hentry","category-comentarios_movilidad"],"_links":{"self":[{"href":"https:\/\/peronamovilidad.com\/ca\/wp-json\/wp\/v2\/posts\/1701","targetHints":{"allow":["GET"]}}],"collection":[{"href":"https:\/\/peronamovilidad.com\/ca\/wp-json\/wp\/v2\/posts"}],"about":[{"href":"https:\/\/peronamovilidad.com\/ca\/wp-json\/wp\/v2\/types\/post"}],"author":[{"embeddable":true,"href":"https:\/\/peronamovilidad.com\/ca\/wp-json\/wp\/v2\/users\/1"}],"replies":[{"embeddable":true,"href":"https:\/\/peronamovilidad.com\/ca\/wp-json\/wp\/v2\/comments?post=1701"}],"version-history":[{"count":2,"href":"https:\/\/peronamovilidad.com\/ca\/wp-json\/wp\/v2\/posts\/1701\/revisions"}],"predecessor-version":[{"id":1703,"href":"https:\/\/peronamovilidad.com\/ca\/wp-json\/wp\/v2\/posts\/1701\/revisions\/1703"}],"wp:featuredmedia":[{"embeddable":true,"href":"https:\/\/peronamovilidad.com\/ca\/wp-json\/wp\/v2\/media\/1700"}],"wp:attachment":[{"href":"https:\/\/peronamovilidad.com\/ca\/wp-json\/wp\/v2\/media?parent=1701"}],"wp:term":[{"taxonomy":"category","embeddable":true,"href":"https:\/\/peronamovilidad.com\/ca\/wp-json\/wp\/v2\/categories?post=1701"},{"taxonomy":"post_tag","embeddable":true,"href":"https:\/\/peronamovilidad.com\/ca\/wp-json\/wp\/v2\/tags?post=1701"}],"curies":[{"name":"wp","href":"https:\/\/api.w.org\/{rel}","templated":true}]}}