{"id":1781,"date":"2020-12-29T15:10:23","date_gmt":"2020-12-29T14:10:23","guid":{"rendered":"http:\/\/peronamovilidad.com\/?p=1781"},"modified":"2020-12-29T15:11:44","modified_gmt":"2020-12-29T14:11:44","slug":"nuevas-normas-de-trafico-siempre-a-velocidad-reducida","status":"publish","type":"post","link":"https:\/\/peronamovilidad.com\/ca\/2020\/12\/29\/nuevas-normas-de-trafico-siempre-a-velocidad-reducida\/","title":{"rendered":"NOVES NORMES DE TR\u00c0NSIT SEMPRE A VELOCITAT REDU\u00cfDA."},"content":{"rendered":"El passat 11 de novembre, d\u2019aquest any de COVID, s&#8217;aprovaven per mitj\u00e0 de dos Reials Decrets les modificacions de tres Reglaments de tr\u00e0nsit, en concret el Reglament de circulaci\u00f3, el de vehicles i el de conductors, amb diferents dates d&#8217;entrada en vigor, el m\u00e9s dif\u00f3s ha sigut sobre la regulaci\u00f3 dels vehicles de mobilitat personal (VMP) i les <strong>noves velocitats a les ciutats, amb entrada en vigor el 2 de gener de 2021.<\/strong><\/p>\n<p>Per part del Ministeri d&#8217;Interior tamb\u00e9 es va comunicar l&#8217;acord del 10 de novembre del Consell de Ministres que afecta els punts del perm\u00eds de conduir, els cursos de sensibilitzaci\u00f3 i reeducaci\u00f3 vi\u00e0ria per recuperar punts perduts del perm\u00eds de conduir i com a gran novetat es reconeix en la Llei els cursos de conducci\u00f3 segura.<\/p>\n<p>Davant la pregunta de, quan entraran en vigor aquestes modificacions, s&#8217;ha d&#8217;indicar que la modificaci\u00f3 de la Llei de tr\u00e0nsit, ha de passar per l&#8217;aprovaci\u00f3 del Congr\u00e9s dels Diputats i de manera resumida, per\u00f2 que serveixi d&#8217;orientaci\u00f3, aquest projecte de llei abans de ser aprovat en Consell de Ministres ha passat el control de el Consell Superior de tr\u00e0nsit, l&#8217;Oficina de coordinaci\u00f3 de qualitat, l&#8217;Ag\u00e8ncia de protecci\u00f3 de dades i el Ministeri de Transport, mobilitat i agenda urbana, i ara abans d&#8217;arribar al Congr\u00e9s dels Diputats ha de ser informat pels Ministeris d&#8217;Hisenda, Afers econ\u00f2mics i transformaci\u00f3 digital, Treball i economia social i Pol\u00edtica territorial i funci\u00f3 p\u00fablica.<\/p>\n<p>Per tant la resposta a la pregunta nom\u00e9s puc dir com el Quixot: <em>&#8220;Quan llarg m&#8217;ho fieu, amic Sancho&#8221;.<\/em><\/p>\n<p>Nom\u00e9s es pot avan\u00e7ar la proposta de l\u2019avantprojecte de llei que indica que els nous cursos de conducci\u00f3 segura, s\u00f3n cursos voluntaris que es realitzen en diversos pa\u00efsos europeus i que en el nostre des de fa anys realitzen entitats com els autom\u00f2bils club, amb l&#8217;objectiu de formar als conductors en t\u00e8cniques de conducci\u00f3 orientades a evitar accidents.<\/p>\n<p>Aquests cursos hauran de tenir una durada m\u00ednima de 6 hores i amb formaci\u00f3 te\u00f2rica i pr\u00e0ctica, per tant no es tracta de fer maniobres de risc, sin\u00f3 precisament realitzar pr\u00e0ctiques que evitin les conductes de riscos.<\/p>\n<p>Els cursos de conducci\u00f3 segura no serveixen per recuperar punts, per\u00f2 s\u00ed tindran un premi de dos punts en el perm\u00eds, sempre que estiguem amb saldo positiu en el nostre compte i sense superar els 15 punts, per fi es reconeixer\u00e0 i premiar\u00e0 la voluntat de molts conductors i conductores de millorar la seva seguretat en la conducci\u00f3.<\/p>\n<p>Altres de les q\u00fcestions que fins a l&#8217;aprovaci\u00f3 de la llei queden pendents \u00e9s que es podran recuperar 8 punts, en lloc dels 6 actuals, en els cursos de sensibilitzaci\u00f3 i reeducaci\u00f3 o que estar dos anys sense cometre infraccions permetr\u00e0 recuperar el cr\u00e8dit inicial de punts, sense diferenciar el tipus d&#8217;infracci\u00f3 comesa anteriorment.<\/p>\n<p>I finalment que les infraccions per utilitzar, sostenir o subjectar amb la m\u00e0 els dispositius de telefonia m\u00f2bil mentre es condueix passen de 4 a 6 punts i el no fer servir el cintur\u00f3 de seguretat, casc o les cadires infantils passen de 3 a 4 punts.<\/p>\n<p>Modificacions necess\u00e0ries, per\u00f2 que ja que \u00e9s tan complex modificar una llei s\u2019hauria d&#8217;haver estat m\u00e9s ambici\u00f3s i plantejar un cap\u00edtol de la llei dedicat a incloure aspectes de seguretat vi\u00e0ria en l&#8217;entorn municipal, per\u00f2 clar com es diu a casa nostra, amb les coses de palau val m\u00e9s asseure\u2019s i si port\u00e0vem m\u00e9s d&#8217;un any esperant la regulaci\u00f3 dels vehicles de mobilitat personal (VMP), ja veurem quan arriben les altres modificacions.","protected":false},"excerpt":{"rendered":"<p>El passat 11 de novembre, d\u2019aquest any de COVID, s&#8217;aprovaven per mitj\u00e0 de dos Reials Decrets les modificacions de tres Reglaments de tr\u00e0nsit, en&#8230;<\/p>\n","protected":false},"author":1,"featured_media":1197,"comment_status":"closed","ping_status":"closed","sticky":false,"template":"","format":"standard","meta":{"footnotes":""},"categories":[2],"tags":[],"class_list":["post-1781","post","type-post","status-publish","format-standard","has-post-thumbnail","hentry","category-categoria_1"],"_links":{"self":[{"href":"https:\/\/peronamovilidad.com\/ca\/wp-json\/wp\/v2\/posts\/1781","targetHints":{"allow":["GET"]}}],"collection":[{"href":"https:\/\/peronamovilidad.com\/ca\/wp-json\/wp\/v2\/posts"}],"about":[{"href":"https:\/\/peronamovilidad.com\/ca\/wp-json\/wp\/v2\/types\/post"}],"author":[{"embeddable":true,"href":"https:\/\/peronamovilidad.com\/ca\/wp-json\/wp\/v2\/users\/1"}],"replies":[{"embeddable":true,"href":"https:\/\/peronamovilidad.com\/ca\/wp-json\/wp\/v2\/comments?post=1781"}],"version-history":[{"count":2,"href":"https:\/\/peronamovilidad.com\/ca\/wp-json\/wp\/v2\/posts\/1781\/revisions"}],"predecessor-version":[{"id":1783,"href":"https:\/\/peronamovilidad.com\/ca\/wp-json\/wp\/v2\/posts\/1781\/revisions\/1783"}],"wp:featuredmedia":[{"embeddable":true,"href":"https:\/\/peronamovilidad.com\/ca\/wp-json\/wp\/v2\/media\/1197"}],"wp:attachment":[{"href":"https:\/\/peronamovilidad.com\/ca\/wp-json\/wp\/v2\/media?parent=1781"}],"wp:term":[{"taxonomy":"category","embeddable":true,"href":"https:\/\/peronamovilidad.com\/ca\/wp-json\/wp\/v2\/categories?post=1781"},{"taxonomy":"post_tag","embeddable":true,"href":"https:\/\/peronamovilidad.com\/ca\/wp-json\/wp\/v2\/tags?post=1781"}],"curies":[{"name":"wp","href":"https:\/\/api.w.org\/{rel}","templated":true}]}}